{"id":21038,"date":"2024-11-14T08:26:37","date_gmt":"2024-11-14T08:26:37","guid":{"rendered":"https:\/\/www.psyntegra.com\/news\/grup-nou-de-formare-in-psihoterapie-integrativa-21-23-martei-2025\/"},"modified":"2024-11-14T08:28:49","modified_gmt":"2024-11-14T08:28:49","slug":"grup-nou-de-formare-in-psihoterapie-integrativa-21-23-martei-2025","status":"publish","type":"post","link":"https:\/\/www.psyntegra.com\/en\/news\/grup-nou-de-formare-in-psihoterapie-integrativa-21-23-martei-2025\/","title":{"rendered":"Grup nou de Formare \u00een Psihoterapie Integrativ\u0103 | 21-23 martie 2025"},"content":{"rendered":"<div dir=\"auto\">Coordonator grup:\u00a0<strong>Prof.Univ.Dr. Loredana Ileana V\u00ee\u0219cu<br \/>\n<\/strong>Primulele cursuri: <strong>21-23 martie 2025 \u00een format HIBRID<br \/>\n<\/strong>Durata:\u00a0<strong>3 ani<br \/>\n<\/strong>24 module de formare<br \/>\n14 module de dezvoltare personal\u0103<br \/>\n50 de ore de experien\u021b\u0103 terapeutic\u0103 personal\u0103 (terapie individual\u0103)<\/div>\n<div dir=\"auto\"><\/div>\n<div dir=\"auto\">Coordonator grup, formator \u015fi supervizor:\u00a0Prof.univ.dr. V\u00ee\u015fcu Loredana-Ileana<\/div>\n<div dir=\"auto\">tel: 0735 838 844<\/div>\n<div dir=\"auto\">email: loredana.viscu@psyntegra.com \/ loredana.viscu@gmail.com \/ cadariuioanaeva@yahoo.com<\/div>\n","protected":false},"excerpt":{"rendered":"<p>Coordonator grup:\u00a0Prof.Univ.Dr. Loredana Ileana V\u00ee\u0219cu Primulele cursuri: 21-23 martie 2025 \u00een format HIBRID Durata:\u00a03 ani 24 module de formare 14 module de dezvoltare personal\u0103 50 de ore de experien\u021b\u0103 terapeutic\u0103 personal\u0103 (terapie individual\u0103) Coordonator grup, formator \u015fi supervizor:\u00a0Prof.univ.dr. V\u00ee\u015fcu Loredana-Ileana tel: 0735 838 844 email: loredana.viscu@psyntegra.com \/ loredana.viscu@gmail.com \/ cadariuioanaeva@yahoo.com<\/p>\n","protected":false},"author":1,"featured_media":13404,"comment_status":"open","ping_status":"closed","sticky":false,"template":"","format":"standard","meta":{"_et_pb_use_builder":"","_et_pb_old_content":"","_et_gb_content_width":"","footnotes":""},"categories":[68,69,66],"tags":[],"class_list":["post-21038","post","type-post","status-publish","format-standard","has-post-thumbnail","hentry","category-events","category-formation","category-news"],"_links":{"self":[{"href":"https:\/\/www.psyntegra.com\/en\/wp-json\/wp\/v2\/posts\/21038","targetHints":{"allow":["GET"]}}],"collection":[{"href":"https:\/\/www.psyntegra.com\/en\/wp-json\/wp\/v2\/posts"}],"about":[{"href":"https:\/\/www.psyntegra.com\/en\/wp-json\/wp\/v2\/types\/post"}],"author":[{"embeddable":true,"href":"https:\/\/www.psyntegra.com\/en\/wp-json\/wp\/v2\/users\/1"}],"replies":[{"embeddable":true,"href":"https:\/\/www.psyntegra.com\/en\/wp-json\/wp\/v2\/comments?post=21038"}],"version-history":[{"count":0,"href":"https:\/\/www.psyntegra.com\/en\/wp-json\/wp\/v2\/posts\/21038\/revisions"}],"wp:featuredmedia":[{"embeddable":true,"href":"https:\/\/www.psyntegra.com\/en\/wp-json\/wp\/v2\/media\/13404"}],"wp:attachment":[{"href":"https:\/\/www.psyntegra.com\/en\/wp-json\/wp\/v2\/media?parent=21038"}],"wp:term":[{"taxonomy":"category","embeddable":true,"href":"https:\/\/www.psyntegra.com\/en\/wp-json\/wp\/v2\/categories?post=21038"},{"taxonomy":"post_tag","embeddable":true,"href":"https:\/\/www.psyntegra.com\/en\/wp-json\/wp\/v2\/tags?post=21038"}],"curies":[{"name":"wp","href":"https:\/\/api.w.org\/{rel}","templated":true}]}}